{"id":10972,"date":"2022-05-25T18:19:22","date_gmt":"2022-05-25T17:19:22","guid":{"rendered":"https:\/\/novo.habitatsaudavel.com\/the-black-armchair-when-the-house-affects-a-couples-fertility\/"},"modified":"2024-08-09T16:48:22","modified_gmt":"2024-08-09T15:48:22","slug":"the-black-armchair-when-the-house-affects-a-couples-fertility","status":"publish","type":"post","link":"https:\/\/habitatsaudavel.com\/en\/the-black-armchair-when-the-house-affects-a-couples-fertility\/","title":{"rendered":"The Black Armchair &#8211; When the house affects a couple&#8217;s fertility"},"content":{"rendered":"<p>Por vezes, quando a frustra\u00e7\u00e3o nos assola, temos a n\u00edtida sensa\u00e7\u00e3o de que tudo corre mal e n\u00e3o h\u00e1 como piorar. Esse dia chegou \u00e0 minha vida numa v\u00e9spera de Natal, em que me vi sentada numa poltrona preta de uma pequena sala de enfermaria localizada na urg\u00eancia obst\u00e9trica de um hospital.<\/p>\n<p>Quando me mandaram sentar naquela poltrona, o meu mundo ruiu. Era aquela mesma poltrona! Nem acreditava que me ia sentar ali pela segunda vez. Agora a situa\u00e7\u00e3o era bastante mais delicada, suspeitas de uma gravidez ect\u00f3pica (que se desenvolve fora do \u00fatero).<\/p>\n<p>Fui apresentada aquela poltrona preta, aquando de um aborto involunt\u00e1rio que sofri meses antes. Ali sentada, vivi os dois piores momentos da minha vida. Ali, senti as piores dores do corpo e da alma e quando estas duas se unem, perdemos a no\u00e7\u00e3o de qual delas d\u00f3i mais.<\/p>\n<p>Naquela v\u00e9spera de Natal, ali sentada naquela poltrona preta, senti&#8211;me no cimo de um precip\u00edcio, um passo em frente e seria o meu fim, tal era o meu desgaste emocional. Sempre fui uma pessoa otimista, alegre e de sorriso f\u00e1cil, mas ali sentada naquela poltrona preta, senti pena de mim. Dois abortos sucessivos e uma imensa frustra\u00e7\u00e3o.<\/p>\n<p>Ap\u00f3s v\u00e1rios exames m\u00e9dicos verificou -se que tinha uma excelente sa\u00fade e nada justificava os dois abortos. Como n\u00e3o foi encontrado nenhum fator que pudesse originar os abortos, tamb\u00e9m n\u00e3o foram prescritos tratamentos. Foram simplesmente dois azares na vida.<\/p>\n<p>Eu e o Miguel, enquanto casal, j\u00e1 t\u00ednhamos alguma sensibilidade e curiosidade sobre a influ\u00eancia dos fatores ambientais sobre os seres vivos. Como j\u00e1 n\u00e3o \u00e9ramos leigos nestes assuntos, sab\u00edamos que os abortos s\u00e3o muito comuns em mulheres que vivem em \u201ccasas doentes\u201d. As constantes ins\u00f3nias, as dores de cabe\u00e7a matinais e frequentes que diminuem com o decorrer do dia e o acordar mais cansados do que quando nos deit\u00e1vamos foram alguns dos sintomas de alerta.<\/p>\n<p>Numa procura desesperada por respostas e solu\u00e7\u00f5es, iniciamos uma pesquisa para encontrar um profissional qualificado que pudesse realizar o estudo da nossa habita\u00e7\u00e3o. Encontramos imensos e maravilhosos Mestres de Feng Shui, com variadas e diferentes formas de trabalhar e harmonizar o espa\u00e7o, sendo que nenhum deles realizava estudos de Geobiologia e Biohabitabilidade. T\u00ednhamos conhecimento sobre a import\u00e2ncia da Geobiologia na sa\u00fade dos espa\u00e7os e como tal, pretend\u00edamos encontrar um profissional que pudesse ir a nossa casa efetuar, com recurso a equipamentos de medi\u00e7\u00e3o profissionais, uma an\u00e1lise do nosso espa\u00e7o com base em par\u00e2metros cientificamente estudados e comprovados. E com base nessa an\u00e1lise nos apresentasse os problemas detetados e as respetivas solu\u00e7\u00f5es para os minimizar e\/ou resolver, e dessa forma podermos usufruir de um \u201cambiente\u201d mais prop\u00edcio \u00e0 nossa sa\u00fade.<\/p>\n<p>Como n\u00e3o o encontramos, decidimos ser n\u00f3s a trilhar esse caminho. Aplicamos e testamos tudo o que estudamos na nossa casa. Aprendemos a ver o mundo com uns olhos mais atentos.<\/p>\n<p>Achava eu, enquanto arquiteta, que j\u00e1 era atenta e exigente na procura de habita\u00e7\u00e3o. Por isso antes de arrendar o nosso apartamento, certifiquei -me que este teria uma boa ilumina\u00e7\u00e3o e exposi\u00e7\u00e3o solar. Da varanda do meu quarto, via uma paisagem constitu\u00edda por um lago com patos, um parque de estacionamento autom\u00f3vel, um relvado com alguns pinheiros, blocos de apartamentos ao fundo e at\u00e9 ouv\u00edamos os p\u00e1ssaros a cantar pela manh\u00e3\u2026<\/p>\n<p>Mas ironicamente nunca tinha visto, com olhos de ver, dois postes de m\u00e9dia\/alta tens\u00e3o e um transformador de uma companhia el\u00e9trica, mesmo em frente \u00e0 varanda do nosso quarto. Para agravar esta situa\u00e7\u00e3o, dorm\u00edamos num colch\u00e3o com molas assente num estrado met\u00e1lico que funcionava como \u201cantena\u201d de capta\u00e7\u00e3o de campos el\u00e9tricos e eletromagn\u00e9ticos existentes no exterior. Estas radia\u00e7\u00f5es artificiais que por si, j\u00e1 s\u00e3o altamente nefastas, ainda \u201calimentavam\u201d a intensidade das radia\u00e7\u00f5es tel\u00faricas (da Terra) provenientes de um cruzamento de linhas Hartmann sob a qual eu dormia.<\/p>\n<p>Num apartamento arrendado a solu\u00e7\u00e3o foi simples, trocar de casa.<\/p>\n<p>Nessa mesma \u00e9poca, ambos viv\u00edamos uma insatisfa\u00e7\u00e3o e frustra\u00e7\u00e3o a n\u00edvel profissional. Eu, para al\u00e9m da precariedade comum aos jovens arquitetos da minha gera\u00e7\u00e3o, tamb\u00e9m vivia numa constante procura pela minha identidade enquanto arquiteta. O Miguel \u00e9 licenciado em Geografia e ao realizar uma especializa\u00e7\u00e3o em Higiene, Seguran\u00e7a e Sa\u00fade no Trabalho, teve pela primeira vez contacto com o tema da influ\u00eancia das radia\u00e7\u00f5es na sa\u00fade humana.<\/p>\n<p>Agora olhamos para traz e vemos que foi um longo e doloroso percurso, mas os frutos que dele surgiram s\u00e3o maravilhosos. Fundamos uma empresa de arquitetura e consultoria ambiental, a Habitat Saud\u00e1vel\u00ae e, ap\u00f3s uma gravidez saud\u00e1vel e feliz, nasceu o nosso bem mais precioso, o nosso filho Santiago. E quando tudo come\u00e7a a correr bem, a frustra\u00e7\u00e3o vai embora e iniciamos um ciclo maravilhoso nas nossas vidas, eis que surge o convite para escrever este livro\u2026<\/p>\n<p class=\"font_8\">Marcelina Guimar\u00e3es in <a href=\"https:\/\/habitatsaudavel.com\/livro\/\">UMA CASA MAIS SAUD\u00c1VEL, UMA FAM\u00cdLIA MAIS FELIZ<\/a> \u2800<\/p>\n<p>Autores: Marcelina Guimar\u00e3es e Miguel Fernandes\u2800<\/p>\n<p>Editor: A esfera dos livros<\/p>\n<p><a href=\"https:\/\/habitatsaudavel.com\/livro\/\">Ver livro<\/a><\/p>\n","protected":false},"excerpt":{"rendered":"<p>Por vezes, quando a frustra\u00e7\u00e3o nos assola, temos a n\u00edtida sensa\u00e7\u00e3o de que tudo corre mal e n\u00e3o h\u00e1 como piorar. Esse dia chegou \u00e0 minha vida numa v\u00e9spera de Natal, em que me vi sentada numa poltrona preta de uma pequena sala de enfermaria localizada na urg\u00eancia obst\u00e9trica de um hospital. Quando me mandaram [&hellip;]<\/p>\n","protected":false},"author":5,"featured_media":6362,"comment_status":"open","ping_status":"open","sticky":false,"template":"","format":"standard","meta":{"footnotes":""},"categories":[143],"tags":[319,300],"class_list":["post-10972","post","type-post","status-publish","format-standard","has-post-thumbnail","hentry","category-geoenvironmental-health","tag-infertility","tag-real-case"],"aioseo_notices":[],"_links":{"self":[{"href":"https:\/\/habitatsaudavel.com\/en\/wp-json\/wp\/v2\/posts\/10972","targetHints":{"allow":["GET"]}}],"collection":[{"href":"https:\/\/habitatsaudavel.com\/en\/wp-json\/wp\/v2\/posts"}],"about":[{"href":"https:\/\/habitatsaudavel.com\/en\/wp-json\/wp\/v2\/types\/post"}],"author":[{"embeddable":true,"href":"https:\/\/habitatsaudavel.com\/en\/wp-json\/wp\/v2\/users\/5"}],"replies":[{"embeddable":true,"href":"https:\/\/habitatsaudavel.com\/en\/wp-json\/wp\/v2\/comments?post=10972"}],"version-history":[{"count":0,"href":"https:\/\/habitatsaudavel.com\/en\/wp-json\/wp\/v2\/posts\/10972\/revisions"}],"wp:featuredmedia":[{"embeddable":true,"href":"https:\/\/habitatsaudavel.com\/en\/wp-json\/wp\/v2\/media\/6362"}],"wp:attachment":[{"href":"https:\/\/habitatsaudavel.com\/en\/wp-json\/wp\/v2\/media?parent=10972"}],"wp:term":[{"taxonomy":"category","embeddable":true,"href":"https:\/\/habitatsaudavel.com\/en\/wp-json\/wp\/v2\/categories?post=10972"},{"taxonomy":"post_tag","embeddable":true,"href":"https:\/\/habitatsaudavel.com\/en\/wp-json\/wp\/v2\/tags?post=10972"}],"curies":[{"name":"wp","href":"https:\/\/api.w.org\/{rel}","templated":true}]}}